{"id":11434,"date":"2022-05-11T12:24:24","date_gmt":"2022-05-11T10:24:24","guid":{"rendered":"https:\/\/www.elha.de\/?p=11434"},"modified":"2025-02-26T10:46:18","modified_gmt":"2025-02-26T09:46:18","slug":"el-atrevido-hermann-consigue-un-lugar-al-lado-del-gran-modelo-a-seguir","status":"publish","type":"post","link":"https:\/\/www.elha.de\/es\/blog\/der-kantige-hermann-erhaelt-einen-platz-an-der-seite-des-grossen-vorbildes\/","title":{"rendered":"El anguloso Hermann ocupa un lugar junto a su gran modelo."},"content":{"rendered":"<p>Tras el variado recorrido por nuestra ciudad natal de H\u00f6velhof, la r\u00e9plica del Hermann angular, que saluda a los ciclistas en la comunidad de Senne de H\u00f6velhof en la intersecci\u00f3n de la Ruta Ciclista Ems y la Ruta Ciclista Europea R 1, se ha hecho un hueco junto a su gran modelo a seguir. En un proyecto conjunto, ELHA y Siemens fabricaron una r\u00e9plica de 2,30 metros de altura del hito angular. <\/p>\n\n\n\n<figure class=\"wp-block-image size-large\"><img loading=\"lazy\" decoding=\"async\" width=\"940\" height=\"670\" src=\"https:\/\/www.elha.de\/wp-content\/uploads\/DSC03318-940x670.jpg\" alt=\"\" class=\"wp-image-11433\" srcset=\"https:\/\/www.elha.de\/wp-content\/uploads\/DSC03318-940x670.jpg 940w, https:\/\/www.elha.de\/wp-content\/uploads\/DSC03318-460x328.jpg 460w, https:\/\/www.elha.de\/wp-content\/uploads\/DSC03318.jpg 1280w\" sizes=\"auto, (max-width: 940px) 100vw, 940px\" \/><\/figure>\n\n\n\n<p class=\"has-drop-cap\">\"Ahora fabricamos incluso cascos enteros de buques\", afirma Hans-Georg Liemke, Director General de Elha-Maschinenbau Liemke KG.<\/p>\n\n\n\n<hr class=\"wp-block-separator\"\/>\n\n\n\n<p>La impresionante r\u00e9plica se expondr\u00e1 pr\u00f3ximamente en el centro de informaci\u00f3n tur\u00edstica del monumento a Hermann. Pero antes de eso, a\u00fan le queda un emocionante viaje por delante, ya que no se transportar\u00e1 simplemente al Grotenburg en una furgoneta. La escultura ser\u00e1 transportada a Detmold de forma completamente neutra para el clima en una bicicleta de carga por la Ruta Ciclista Europea, que ha sido el enlace entre Detmold y el H\u00f6velhof durante a\u00f1os. Para el municipio de Senne es especialmente importante, junto con las dem\u00e1s regiones de Renania del Norte-Westfalia, hacer avanzar a\u00fan m\u00e1s este carril bici. <\/p>\n\n\n\n<figure class=\"wp-block-gallery has-nested-images columns-default is-cropped wp-block-gallery-2 is-layout-flex wp-block-gallery-is-layout-flex\">\n<figure class=\"wp-block-image size-large\"><img loading=\"lazy\" decoding=\"async\" width=\"1280\" height=\"1065\" data-id=\"11432\" src=\"https:\/\/www.elha.de\/wp-content\/uploads\/KantigerHermann-3DDruck-Siemens.jpg\" alt=\"\" class=\"wp-image-11432\" srcset=\"https:\/\/www.elha.de\/wp-content\/uploads\/KantigerHermann-3DDruck-Siemens.jpg 1280w, https:\/\/www.elha.de\/wp-content\/uploads\/KantigerHermann-3DDruck-Siemens-460x383.jpg 460w, https:\/\/www.elha.de\/wp-content\/uploads\/KantigerHermann-3DDruck-Siemens-940x782.jpg 940w\" sizes=\"auto, (max-width: 1280px) 100vw, 1280px\" \/><\/figure>\n\n\n\n<figure class=\"wp-block-image size-large\"><img loading=\"lazy\" decoding=\"async\" width=\"1280\" height=\"1013\" data-id=\"11431\" src=\"https:\/\/www.elha.de\/wp-content\/uploads\/KantigerHermann-3D-Druck.jpg\" alt=\"\" class=\"wp-image-11431\" srcset=\"https:\/\/www.elha.de\/wp-content\/uploads\/KantigerHermann-3D-Druck.jpg 1280w, https:\/\/www.elha.de\/wp-content\/uploads\/KantigerHermann-3D-Druck-460x364.jpg 460w, https:\/\/www.elha.de\/wp-content\/uploads\/KantigerHermann-3D-Druck-940x744.jpg 940w\" sizes=\"auto, (max-width: 1280px) 100vw, 1280px\" \/><\/figure>\n<\/figure>\n\n\n\n<div class=\"wp-block-buttons is-layout-flex wp-block-buttons-is-layout-flex\">\n<div class=\"wp-block-button\"><a class=\"wp-block-button__link\" href=\"https:\/\/www.westfalen-blatt.de\/owl\/kreis-paderborn\/hoevelhof\/kantiger-hermann-erobert-lipperland-2568110\" rel=\"nofollow noopener\" target=\"_blank\">Haga clic aqu\u00ed para leer el art\u00edculo completo.<\/a><\/div>\n<\/div>\n\n\n\n<p><\/p>","protected":false},"excerpt":{"rendered":"<p>Tras el variado recorrido por nuestra ciudad natal de H\u00f6velhof, la r\u00e9plica del Kantiger Hermann, que se encuentra en el municipio de Senne de H\u00f6velhof en la intersecci\u00f3n de los dos carriles bici de largo recorrido Ems-Radweg<\/p>","protected":false},"author":1,"featured_media":11435,"comment_status":"closed","ping_status":"closed","sticky":false,"template":"","format":"standard","meta":{"footnotes":""},"categories":[105],"tags":[584],"class_list":["post-11434","post","type-post","status-publish","format-standard","has-post-thumbnail","hentry","category-aktuelles","tag-any"],"blocksy_meta":{"styles_descriptor":{"styles":{"desktop":"","tablet":"","mobile":""},"google_fonts":[],"version":6}},"_links":{"self":[{"href":"https:\/\/www.elha.de\/es\/wp-json\/wp\/v2\/posts\/11434","targetHints":{"allow":["GET"]}}],"collection":[{"href":"https:\/\/www.elha.de\/es\/wp-json\/wp\/v2\/posts"}],"about":[{"href":"https:\/\/www.elha.de\/es\/wp-json\/wp\/v2\/types\/post"}],"author":[{"embeddable":true,"href":"https:\/\/www.elha.de\/es\/wp-json\/wp\/v2\/users\/1"}],"replies":[{"embeddable":true,"href":"https:\/\/www.elha.de\/es\/wp-json\/wp\/v2\/comments?post=11434"}],"version-history":[{"count":0,"href":"https:\/\/www.elha.de\/es\/wp-json\/wp\/v2\/posts\/11434\/revisions"}],"wp:featuredmedia":[{"embeddable":true,"href":"https:\/\/www.elha.de\/es\/wp-json\/wp\/v2\/media\/11435"}],"wp:attachment":[{"href":"https:\/\/www.elha.de\/es\/wp-json\/wp\/v2\/media?parent=11434"}],"wp:term":[{"taxonomy":"category","embeddable":true,"href":"https:\/\/www.elha.de\/es\/wp-json\/wp\/v2\/categories?post=11434"},{"taxonomy":"post_tag","embeddable":true,"href":"https:\/\/www.elha.de\/es\/wp-json\/wp\/v2\/tags?post=11434"}],"curies":[{"name":"wp","href":"https:\/\/api.w.org\/{rel}","templated":true}]}}