{"id":11936,"date":"2024-02-14T11:00:00","date_gmt":"2024-02-14T10:00:00","guid":{"rendered":"https:\/\/www.elha.de\/?p=11936"},"modified":"2025-02-26T10:58:04","modified_gmt":"2025-02-26T09:58:04","slug":"reprise-du-service-pour-les-machines-outils-porta-solutions-s-p-as-en-allemagne","status":"publish","type":"post","link":"https:\/\/www.elha.de\/fr\/blog\/uebernahme-des-service-fuer-porta-solutions-s-p-as-werkzeugmaschinen-in-deutschland\/","title":{"rendered":"Prise en charge du service apr\u00e8s-vente des machines-outils de PORTA Solutions S.p.A. en Allemagne !"},"content":{"rendered":"<p>Nous avons le plaisir de vous annoncer que nous assurons d\u00e9sormais le service apr\u00e8s-vente des machines-outils de PORTA Solutions S.p.A en Allemagne !  <\/p>\n\n\n\n<p>Ensemble, nous d\u00e9veloppons notre collaboration dans les domaines de la vente et du marketing, y compris notre participation commune \u00e0 des salons. Du 6 au 8 mars, nous serons d\u00e9j\u00e0 pr\u00e9sents avec Porta au salon MECSPE de Bologne, en Italie. Il en r\u00e9sultera non seulement une plus grande visibilit\u00e9 pour les deux entreprises, mais aussi de nouvelles synergies et possibilit\u00e9s pour l'avenir.<\/p>\n\n\n\n<p>Nous nous r\u00e9jouissons de nos succ\u00e8s communs et de nos innovations.<\/p>\n\n\n\n<p><\/p>\n\n\n\n<p><\/p>","protected":false},"excerpt":{"rendered":"<p>Nous avons le plaisir de vous annoncer que nous assurons d\u00e9sormais le service apr\u00e8s-vente des machines-outils de PORTA Solutions S.p.A en Allemagne !  <\/p>\n<p>Construire ensemble<\/p>","protected":false},"author":26,"featured_media":11937,"comment_status":"closed","ping_status":"closed","sticky":false,"template":"","format":"standard","meta":{"footnotes":""},"categories":[105],"tags":[584],"class_list":["post-11936","post","type-post","status-publish","format-standard","has-post-thumbnail","hentry","category-aktuelles","tag-any"],"blocksy_meta":[],"_links":{"self":[{"href":"https:\/\/www.elha.de\/fr\/wp-json\/wp\/v2\/posts\/11936","targetHints":{"allow":["GET"]}}],"collection":[{"href":"https:\/\/www.elha.de\/fr\/wp-json\/wp\/v2\/posts"}],"about":[{"href":"https:\/\/www.elha.de\/fr\/wp-json\/wp\/v2\/types\/post"}],"author":[{"embeddable":true,"href":"https:\/\/www.elha.de\/fr\/wp-json\/wp\/v2\/users\/26"}],"replies":[{"embeddable":true,"href":"https:\/\/www.elha.de\/fr\/wp-json\/wp\/v2\/comments?post=11936"}],"version-history":[{"count":0,"href":"https:\/\/www.elha.de\/fr\/wp-json\/wp\/v2\/posts\/11936\/revisions"}],"wp:featuredmedia":[{"embeddable":true,"href":"https:\/\/www.elha.de\/fr\/wp-json\/wp\/v2\/media\/11937"}],"wp:attachment":[{"href":"https:\/\/www.elha.de\/fr\/wp-json\/wp\/v2\/media?parent=11936"}],"wp:term":[{"taxonomy":"category","embeddable":true,"href":"https:\/\/www.elha.de\/fr\/wp-json\/wp\/v2\/categories?post=11936"},{"taxonomy":"post_tag","embeddable":true,"href":"https:\/\/www.elha.de\/fr\/wp-json\/wp\/v2\/tags?post=11936"}],"curies":[{"name":"wp","href":"https:\/\/api.w.org\/{rel}","templated":true}]}}